{"id":735,"date":"2020-08-02T11:57:30","date_gmt":"2020-08-02T11:57:30","guid":{"rendered":"https:\/\/dum-club.si\/?p=735"},"modified":"2023-08-19T10:23:22","modified_gmt":"2023-08-19T10:23:22","slug":"andreja-rauch-podrzavnik-posebna-izdaja","status":"publish","type":"post","link":"https:\/\/dum-club.si\/?p=735","title":{"rendered":"Andreja Rauch Podrzavnik &#8220;POSEBNA IZDAJA&#8221;2020"},"content":{"rendered":"<p>25.09.2020<br \/>\nProjektni prostor DUM, Kolodvorska 6, Ljubljana.<br \/>\n<img loading=\"lazy\" decoding=\"async\" class=\"alignnone wp-image-738 size-full\" src=\"https:\/\/dum-club.si\/wp-content\/uploads\/2020\/08\/posebna-izdaja.jpg\" alt=\"\" width=\"1200\" height=\"800\" srcset=\"https:\/\/dum-club.si\/wp-content\/uploads\/2020\/08\/posebna-izdaja.jpg 1200w, https:\/\/dum-club.si\/wp-content\/uploads\/2020\/08\/posebna-izdaja-512x341.jpg 512w, https:\/\/dum-club.si\/wp-content\/uploads\/2020\/08\/posebna-izdaja-1024x683.jpg 1024w, https:\/\/dum-club.si\/wp-content\/uploads\/2020\/08\/posebna-izdaja-768x512.jpg 768w\" sizes=\"auto, (max-width: 1200px) 100vw, 1200px\" \/><\/p>\n<p>Posebna izdaja je serija kra\u0161jih improvizacij, ki jih izvajamo ustvarjalke in ustvarjalci uprizoritvenih\u00a0umetnosti razli\u010dnih medijev: plesa, glasbe in gledali\u0161\u010da.<br \/>\nNekateri se poznamo \u017ee od prej, kar pa ne izklju\u010duje presene\u010denj in novosti.<br \/>\nNekateri se \u017ee dolgo nismo sre\u010dali v tem kontekstu, pa si \u017eelimo ponovnega snidenja.<br \/>\nKje smo in kak\u0161en je na\u0161 medprostor zdaj?<br \/>\nNekateri se sre\u010dujemo prvi\u010d in \u017eelimo odpreti nova poglavja.<\/p>\n<p>Zasedba za 25. 9. 2020 ob 16 uri: Dejan Srhoj, Jo\u0161t Dra\u0161ler, Toma\u017e Lapajne Dekleva in Andreja Rauch Podrzavnik.<br \/>\nKoncept: Andreja Rauch Podrzavnik<br \/>\nProdukcija: Federacija<br \/>\nKoprodukcija: DUM &#8211; dru\u0161tvo umetnikov<\/p>\n","protected":false},"excerpt":{"rendered":"<p>25.09.2020 Projektni prostor DUM, Kolodvorska 6, Ljubljana. Posebna izdaja je serija kra\u0161jih improvizacij, ki jih izvajamo ustvarjalke in ustvarjalci uprizoritvenih\u00a0umetnosti razli\u010dnih medijev: plesa, glasbe in gledali\u0161\u010da. Nekateri se poznamo \u017ee od prej, kar pa ne izklju\u010duje presene\u010denj in novosti. Nekateri se \u017ee dolgo nismo sre\u010dali v tem kontekstu, pa si \u017eelimo ponovnega snidenja. Kje smo [&hellip;]<\/p>\n","protected":false},"author":2,"featured_media":738,"comment_status":"open","ping_status":"open","sticky":false,"template":"","format":"standard","meta":{"footnotes":""},"categories":[8,6,4],"tags":[21],"class_list":["post-735","post","type-post","status-publish","format-standard","has-post-thumbnail","hentry","category-news","category-event","category-performance","tag-andreja-rauch-podrzavnik"],"_links":{"self":[{"href":"https:\/\/dum-club.si\/index.php?rest_route=\/wp\/v2\/posts\/735","targetHints":{"allow":["GET"]}}],"collection":[{"href":"https:\/\/dum-club.si\/index.php?rest_route=\/wp\/v2\/posts"}],"about":[{"href":"https:\/\/dum-club.si\/index.php?rest_route=\/wp\/v2\/types\/post"}],"author":[{"embeddable":true,"href":"https:\/\/dum-club.si\/index.php?rest_route=\/wp\/v2\/users\/2"}],"replies":[{"embeddable":true,"href":"https:\/\/dum-club.si\/index.php?rest_route=%2Fwp%2Fv2%2Fcomments&post=735"}],"version-history":[{"count":8,"href":"https:\/\/dum-club.si\/index.php?rest_route=\/wp\/v2\/posts\/735\/revisions"}],"predecessor-version":[{"id":1327,"href":"https:\/\/dum-club.si\/index.php?rest_route=\/wp\/v2\/posts\/735\/revisions\/1327"}],"wp:featuredmedia":[{"embeddable":true,"href":"https:\/\/dum-club.si\/index.php?rest_route=\/wp\/v2\/media\/738"}],"wp:attachment":[{"href":"https:\/\/dum-club.si\/index.php?rest_route=%2Fwp%2Fv2%2Fmedia&parent=735"}],"wp:term":[{"taxonomy":"category","embeddable":true,"href":"https:\/\/dum-club.si\/index.php?rest_route=%2Fwp%2Fv2%2Fcategories&post=735"},{"taxonomy":"post_tag","embeddable":true,"href":"https:\/\/dum-club.si\/index.php?rest_route=%2Fwp%2Fv2%2Ftags&post=735"}],"curies":[{"name":"wp","href":"https:\/\/api.w.org\/{rel}","templated":true}]}}