{"id":360,"date":"2023-09-21T21:01:26","date_gmt":"2023-09-21T21:01:26","guid":{"rendered":"https:\/\/dum-club.si\/?p=360"},"modified":"2024-11-12T18:03:04","modified_gmt":"2024-11-12T18:03:04","slug":"walk-of-anna-performance-by-mateja-bucar","status":"publish","type":"post","link":"https:\/\/dum-club.si\/?p=360","title":{"rendered":"Mateja Bu\u010dar. \u200bAnnenlinie , steirischerherbst\u201923"},"content":{"rendered":"<p><a href=\"https:\/\/www.steirischerherbst.at\/en\/program\/artists\/5148\/mateja-bucar\" target=\"_blank\" rel=\"noopener\">https:\/\/www<\/a><a href=\"https:\/\/www.steirischerherbst.at\/en\/program\/artists\/5148\/mateja-bucar\" target=\"_blank\" rel=\"noopener\">.steirischerherbst.at\/en\/program\/artists\/5148\/mateja-bucar<\/a><\/p>\n<p>In her choreographic intervention on Annenstra\u00dfe, Mateja Bu\u010dar and her collaborators address the troubling Nazi past of Graz, which left deep scars in the city. Annenstra\u00dfe was once a busy shopping street. Many of its shops were run by Jewish families, who were expropriated after the Anschluss in 1938. Bu\u010dar\u2019s intervention temporarily stops the traffic with a line of human bodies, compactly connecting the entrances of all buildings from which Jewish shops were removed.<\/p>\n\n\t\t<br class=\"clearboth\"><div id='gallery-1' class='gallery galleryid-360 gallery-columns-3 gallery-size-thumbnail grid'><div class='gallery-item grid-item'><div class='gallery-icon' data-mediaid='1496'><a href='https:\/\/dum-club.si\/wp-content\/uploads\/2023\/09\/sh_23_MatejaBucar_Annenlinie_by_MathiasVoelzke-004-1-scaled.jpg' rel=\"lightbox[gallery-0]\"  class=\"lightbox-link\"><img loading=\"lazy\" decoding=\"async\" width=\"190\" height=\"190\" src=\"https:\/\/dum-club.si\/wp-content\/uploads\/2023\/09\/sh_23_MatejaBucar_Annenlinie_by_MathiasVoelzke-004-1-190x190.jpg\" class=\"attachment-thumbnail size-thumbnail\" alt=\"\" \/><\/a><\/div><div class='wp-caption-text gallery-caption'>photo: Mathias_Voelzke<\/div><\/div><div class='gallery-item grid-item'><div class='gallery-icon' data-mediaid='1495'><a href='https:\/\/dum-club.si\/wp-content\/uploads\/2023\/09\/DUM-Annenlinie_performans-GRAZ_23-sept-23-7-1.jpeg' rel=\"lightbox[gallery-0]\"  class=\"lightbox-link\"><img loading=\"lazy\" decoding=\"async\" width=\"190\" height=\"190\" src=\"https:\/\/dum-club.si\/wp-content\/uploads\/2023\/09\/DUM-Annenlinie_performans-GRAZ_23-sept-23-7-1-190x190.jpeg\" class=\"attachment-thumbnail size-thumbnail\" alt=\"\" \/><\/a><\/div><div class='wp-caption-text gallery-caption'>photo: Zoe Borzi<\/div><\/div><div class='gallery-item grid-item'><div class='gallery-icon' data-mediaid='1498'><a href='https:\/\/dum-club.si\/wp-content\/uploads\/2023\/09\/sh_23_MatejaBucar_Annenlinie_by_MathiasVoelzke-018-1.jpg' rel=\"lightbox[gallery-0]\"  class=\"lightbox-link\"><img loading=\"lazy\" decoding=\"async\" width=\"190\" height=\"190\" src=\"https:\/\/dum-club.si\/wp-content\/uploads\/2023\/09\/sh_23_MatejaBucar_Annenlinie_by_MathiasVoelzke-018-1-190x190.jpg\" class=\"attachment-thumbnail size-thumbnail\" alt=\"\" \/><\/a><\/div><div class='wp-caption-text gallery-caption'>photo: Mathias_Voelzke<\/div><\/div><div class='gallery-item grid-item'><div class='gallery-icon' data-mediaid='1500'><a href='https:\/\/dum-club.si\/wp-content\/uploads\/2023\/09\/sh_23_MatejaBucar_Annenlinie_by_MathiasVoelzke-030-1-scaled.jpg' rel=\"lightbox[gallery-0]\"  class=\"lightbox-link\"><img loading=\"lazy\" decoding=\"async\" width=\"190\" height=\"190\" src=\"https:\/\/dum-club.si\/wp-content\/uploads\/2023\/09\/sh_23_MatejaBucar_Annenlinie_by_MathiasVoelzke-030-1-190x190.jpg\" class=\"attachment-thumbnail size-thumbnail\" alt=\"\" \/><\/a><\/div><div class='wp-caption-text gallery-caption'>photo: Mathias_Voelzke<\/div><\/div><div class='gallery-item grid-item'><div class='gallery-icon' data-mediaid='1501'><a href='https:\/\/dum-club.si\/wp-content\/uploads\/2023\/09\/sh_23_MatejaBucar_Annenlinie_by_MathiasVoelzke-053-1.jpg' rel=\"lightbox[gallery-0]\"  class=\"lightbox-link\"><img loading=\"lazy\" decoding=\"async\" width=\"190\" height=\"190\" src=\"https:\/\/dum-club.si\/wp-content\/uploads\/2023\/09\/sh_23_MatejaBucar_Annenlinie_by_MathiasVoelzke-053-1-190x190.jpg\" class=\"attachment-thumbnail size-thumbnail\" alt=\"\" \/><\/a><\/div><div class='wp-caption-text gallery-caption'>photo: Mathias_Voelzke<\/div><\/div><div class='gallery-item grid-item'><div class='gallery-icon' data-mediaid='1503'><a href='https:\/\/dum-club.si\/wp-content\/uploads\/2023\/09\/sh_23_MatejaBucar_Annenlinie_by_MathiasVoelzke-139-1.jpg' rel=\"lightbox[gallery-0]\"  class=\"lightbox-link\"><img loading=\"lazy\" decoding=\"async\" width=\"190\" height=\"190\" src=\"https:\/\/dum-club.si\/wp-content\/uploads\/2023\/09\/sh_23_MatejaBucar_Annenlinie_by_MathiasVoelzke-139-1-190x190.jpg\" class=\"attachment-thumbnail size-thumbnail\" alt=\"\" \/><\/a><\/div><div class='wp-caption-text gallery-caption'>photo: Mathias_Voelzke<\/div><\/div><div class='gallery-item grid-item'><div class='gallery-icon' data-mediaid='1504'><a href='https:\/\/dum-club.si\/wp-content\/uploads\/2023\/09\/sh23_23-09_Annenlinie_c_Johanna-Lamprecht_006-1-scaled.jpg' rel=\"lightbox[gallery-0]\"  class=\"lightbox-link\"><img loading=\"lazy\" decoding=\"async\" width=\"190\" height=\"190\" src=\"https:\/\/dum-club.si\/wp-content\/uploads\/2023\/09\/sh23_23-09_Annenlinie_c_Johanna-Lamprecht_006-1-190x190.jpg\" class=\"attachment-thumbnail size-thumbnail\" alt=\"\" \/><\/a><\/div><div class='wp-caption-text gallery-caption'>photo:  Johanna Lamprecht<\/div><\/div><br style='clear: both;' \/><\/div>\n\n<p>Dancers: Tina Benko, Ur\u0161ka Centa, Miha Furlan, Jana Jevtovi\u0107, Ema Kri\u017ei\u010d, Jan Marolt, Petra Pe\u010dek, Nina Pertot Weis, Bojana Robinson, Kristina Rozman, Liza \u0160imenc, Sara \u0160oukal<\/p>\n<div class=\"bp-desktop\">\n<p>Commissioned by steirischer herbst \u201923<br \/>\nProduced by steirischer herbst \u201923 in coproduction with DUM Association of Artists<br \/>\nIn cooperation with CLIO Verein f\u00fcr Geschichts- und Bildungsarbeit<br \/>\nWith the kind support of the Ministry of Culture of the Republic of Slovenia, Cultural Department of the City of Ljubljana<\/p>\n<\/div>\n","protected":false},"excerpt":{"rendered":"<p>https:\/\/www.steirischerherbst.at\/en\/program\/artists\/5148\/mateja-bucar In her choreographic intervention on Annenstra\u00dfe, Mateja Bu\u010dar and her collaborators address the troubling Nazi past of Graz, which left deep scars in the city. Annenstra\u00dfe was once a busy shopping street. Many of its shops were run by Jewish families, who were expropriated after the Anschluss in 1938. Bu\u010dar\u2019s intervention temporarily stops the [&hellip;]<\/p>\n","protected":false},"author":2,"featured_media":1500,"comment_status":"open","ping_status":"open","sticky":false,"template":"","format":"standard","meta":{"footnotes":""},"categories":[8,6,26,10,4],"tags":[12],"class_list":["post-360","post","type-post","status-publish","format-standard","has-post-thumbnail","hentry","category-news","category-event","category-home-slider","category-mateja-bucar","category-performance","tag-matejabucar"],"_links":{"self":[{"href":"https:\/\/dum-club.si\/index.php?rest_route=\/wp\/v2\/posts\/360","targetHints":{"allow":["GET"]}}],"collection":[{"href":"https:\/\/dum-club.si\/index.php?rest_route=\/wp\/v2\/posts"}],"about":[{"href":"https:\/\/dum-club.si\/index.php?rest_route=\/wp\/v2\/types\/post"}],"author":[{"embeddable":true,"href":"https:\/\/dum-club.si\/index.php?rest_route=\/wp\/v2\/users\/2"}],"replies":[{"embeddable":true,"href":"https:\/\/dum-club.si\/index.php?rest_route=%2Fwp%2Fv2%2Fcomments&post=360"}],"version-history":[{"count":12,"href":"https:\/\/dum-club.si\/index.php?rest_route=\/wp\/v2\/posts\/360\/revisions"}],"predecessor-version":[{"id":1505,"href":"https:\/\/dum-club.si\/index.php?rest_route=\/wp\/v2\/posts\/360\/revisions\/1505"}],"wp:featuredmedia":[{"embeddable":true,"href":"https:\/\/dum-club.si\/index.php?rest_route=\/wp\/v2\/media\/1500"}],"wp:attachment":[{"href":"https:\/\/dum-club.si\/index.php?rest_route=%2Fwp%2Fv2%2Fmedia&parent=360"}],"wp:term":[{"taxonomy":"category","embeddable":true,"href":"https:\/\/dum-club.si\/index.php?rest_route=%2Fwp%2Fv2%2Fcategories&post=360"},{"taxonomy":"post_tag","embeddable":true,"href":"https:\/\/dum-club.si\/index.php?rest_route=%2Fwp%2Fv2%2Ftags&post=360"}],"curies":[{"name":"wp","href":"https:\/\/api.w.org\/{rel}","templated":true}]}}